{"id":110,"__str__":"Parecer Jur\u00eddico - Hugo Sim\u00f5es de 13/04/2026 por ","link_detail_backend":"/materia/documentoacessorio/110","metadata":{},"nome":"Hugo Sim\u00f5es","data":"2026-04-13","autor":"","ementa":"","indexacao":"","arquivo":"http://sapl.mambore.pr.leg.br/media/sapl/public/documentoacessorio/2025/110/parecer_juridico_-_pl_118_-_2025_-_veto_ed.pdf","data_ultima_atualizacao":"2026-04-13T11:26:02.764715-03:00","materia":646,"tipo":4}