{"id":111,"__str__":"Parecer Jur\u00eddico - Hugo Sim\u00f5es de 13/04/2026 por ","link_detail_backend":"/materia/documentoacessorio/111","metadata":{},"nome":"Hugo Sim\u00f5es","data":"2026-04-13","autor":"","ementa":"","indexacao":"","arquivo":"http://sapl.mambore.pr.leg.br/media/sapl/public/documentoacessorio/2026/111/parecer_juridico_-_pl_118_-_2025_-_veto_ed.pdf","data_ultima_atualizacao":"2026-04-13T11:27:06.826472-03:00","materia":1834,"tipo":4}