{"id":1112,"__str__":"Indica\u00e7\u00e3o n\u00ba 203 de 2025","link_detail_backend":"/materia/1112","metadata":{},"numero":203,"ano":2025,"numero_protocolo":null,"data_apresentacao":"2025-10-20","tipo_apresentacao":"","data_publicacao":null,"numero_origem_externa":"","ano_origem_externa":null,"data_origem_externa":null,"apelido":"","dias_prazo":null,"data_fim_prazo":null,"em_tramitacao":false,"polemica":false,"objeto":"","complementar":false,"ementa":"indicar e solicitar que, por interm\u00e9dio da Secretaria Municipal de Sa\u00fade e da Secretaria de Assist\u00eancia Social, seja criada uma Pol\u00edtica de Prioriza\u00e7\u00e3o do Transporte para garantir ve\u00edculos exclusivos ou prioridade no agendamento de ve\u00edculos para o transporte dos seguintes grupos:\r\n\r\nCrian\u00e7as com Transtorno do Espectro Autista (TEA): Para transporte a terapias, escolas especializadas e consultas m\u00e9dicas, priorizando o uso de ve\u00edculos exclusivos para evitar a sobrecarga sensorial e o estresse.\r\nPessoas em Tratamento de C\u00e2ncer: Para deslocamento a sess\u00f5es de quimioterapia, radioterapia e exames frequentes.\r\nIdosos com M\u00faltiplas Comorbidades: Pacientes que exigem maior cuidado no manejo e que precisam de transporte seguro e pontual para consultas e exames.","indexacao":"","observacao":"","resultado":"","texto_original":"http://sapl.mambore.pr.leg.br/media/sapl/public/materialegislativa/2025/1112/indicacao_no203.2025.pdf","data_ultima_atualizacao":"2026-03-23T15:01:54.549722-03:00","ip":"177.93.188.116","ultima_edicao":"2026-03-23T15:00:56.710950-03:00","tipo":7,"regime_tramitacao":1,"tipo_origem_externa":null,"local_origem_externa":null,"user":5,"anexadas":[],"autores":[10]}