{"id":1526,"__str__":"Requerimento n\u00ba 2 de 2023","link_detail_backend":"/materia/1526","metadata":{},"numero":2,"ano":2023,"numero_protocolo":null,"data_apresentacao":"2023-02-09","tipo_apresentacao":"","data_publicacao":null,"numero_origem_externa":"","ano_origem_externa":null,"data_origem_externa":null,"apelido":"","dias_prazo":null,"data_fim_prazo":null,"em_tramitacao":false,"polemica":false,"objeto":"","complementar":false,"ementa":"Requer informa\u00e7\u00f5es sobre o motivo da paraliza\u00e7\u00e3o da obra de revitaliza\u00e7\u00e3o da pra\u00e7a Jo\u00e3o Szesz, quais os motivos e qual a previs\u00e3o de retomada da obra.","indexacao":"","observacao":"","resultado":"","texto_original":"http://sapl.mambore.pr.leg.br/media/sapl/public/materialegislativa/2023/1526/req_02.23_1.pdf","data_ultima_atualizacao":"2026-03-27T08:27:18.586539-03:00","ip":"177.93.188.116","ultima_edicao":"2026-03-27T08:25:22.490906-03:00","tipo":6,"regime_tramitacao":1,"tipo_origem_externa":null,"local_origem_externa":null,"user":5,"anexadas":[],"autores":[1]}