{"id":1531,"__str__":"Requerimento n\u00ba 7 de 2023","link_detail_backend":"/materia/1531","metadata":{},"numero":7,"ano":2023,"numero_protocolo":null,"data_apresentacao":"2023-02-13","tipo_apresentacao":"","data_publicacao":null,"numero_origem_externa":"","ano_origem_externa":null,"data_origem_externa":null,"apelido":"","dias_prazo":null,"data_fim_prazo":null,"em_tramitacao":false,"polemica":false,"objeto":"","complementar":false,"ementa":"Que juntamente com o setor de planejamento seja elaborado of\u00edcio e encaminhado ao Secret\u00e1rio de Estado das Cidades Sr. Eduardo Pimentel, e o Diretor-Geral da Secretaria das Cidades, Marcio Juliano Marcolino, ressaltando a inten\u00e7\u00e3o do munic\u00edpio de Mambor\u00ea na SUBSTITUI\u00c7\u00c3O DE 100% DA ILUMINA\u00c7\u00c3O P\u00daBLICA por equipamentos que utilizam tecnologia LED","indexacao":"","observacao":"","resultado":"","texto_original":"http://sapl.mambore.pr.leg.br/media/sapl/public/materialegislativa/2023/1531/brn3c2af44b199a_026178_1.pdf","data_ultima_atualizacao":"2026-03-27T08:39:30.984100-03:00","ip":"177.93.188.116","ultima_edicao":"2026-03-27T08:37:32.208291-03:00","tipo":6,"regime_tramitacao":1,"tipo_origem_externa":null,"local_origem_externa":null,"user":5,"anexadas":[],"autores":[18]}