{"id":1544,"__str__":"Requerimento n\u00ba 20 de 2023","link_detail_backend":"/materia/1544","metadata":{},"numero":20,"ano":2023,"numero_protocolo":null,"data_apresentacao":"2023-03-21","tipo_apresentacao":"","data_publicacao":null,"numero_origem_externa":"","ano_origem_externa":null,"data_origem_externa":null,"apelido":"","dias_prazo":null,"data_fim_prazo":null,"em_tramitacao":false,"polemica":false,"objeto":"","complementar":false,"ementa":"Requer que o Poder Executivo, envie of\u00edcio ao CTRC- Coordenadoria de Transporte Rodovi\u00e1rio Comercial do DER-PR, requerendo as seguintes informa\u00e7\u00f5es sobre a linha metropolitana, MAMBOR\u00ca X CAMPO MOUR\u00c3O.\r\n\r\n A qual empresa possui a concess\u00e3o e o prazo de vig\u00eancia de tal servi\u00e7o. Em caso de permiss\u00e3o de uso de car\u00e1ter provis\u00f3rio, se existe previs\u00e3o para abrir licita\u00e7\u00e3o intermunicipal entre Mambor\u00ea x Campo Mour\u00e3o?\r\n\r\n Qual crit\u00e9rio adotado para definir os valores das passagens? Quais os atuais valores, e qual valor era cobrado em mar\u00e7o de 2022?\r\n\r\n A redu\u00e7\u00e3o dos hor\u00e1rios semanais, o n\u00e3o fornecimento do servi\u00e7o aos domingos e feriados, a redu\u00e7\u00e3o do trajeto interno na cidade de Mambor\u00ea (n\u00e3o esta passando no Conjunto Santa Luzia), s\u00e3o crit\u00e9rios da empresa ou passa pelo DER?\r\n\r\n Qual os per\u00edodos em que \u00e9 realizado a fiscaliza\u00e7\u00e3o aos ve\u00edculos que realizam o transporte intermunicipal entre Mambor\u00ea x Campo Mour\u00e3o, e qual a data da \u00faltima per\u00edcia veicular realizada?","indexacao":"","observacao":"","resultado":"","texto_original":"http://sapl.mambore.pr.leg.br/media/sapl/public/materialegislativa/2023/1544/ccf_000324_1.pdf","data_ultima_atualizacao":"2026-03-27T08:56:09.461134-03:00","ip":"177.93.188.116","ultima_edicao":"2026-03-27T08:54:56.954453-03:00","tipo":6,"regime_tramitacao":1,"tipo_origem_externa":null,"local_origem_externa":null,"user":5,"anexadas":[],"autores":[1]}