{"id":1545,"__str__":"Requerimento n\u00ba 21 de 2023","link_detail_backend":"/materia/1545","metadata":{},"numero":21,"ano":2023,"numero_protocolo":null,"data_apresentacao":"2023-03-21","tipo_apresentacao":"","data_publicacao":null,"numero_origem_externa":"","ano_origem_externa":null,"data_origem_externa":null,"apelido":"","dias_prazo":null,"data_fim_prazo":null,"em_tramitacao":false,"polemica":false,"objeto":"","complementar":false,"ementa":"Requer que seja informado, a essa CASA DE LEIS, se o Munic\u00edpio REALIZA ou REALIZOU nos \u00faltimos 24 meses alguma Campanha de Conscientiza\u00e7\u00e3o dos mun\u00edcipes quanto ao uso de VAGA DE ESTACIONAMENTO reservado para IDOSOS e DEFICIENTES no Munic\u00edpio.\r\n\r\nSegue exemplo em anexo (foto), sobre os trabalhos que tem sido desenvolvido em outros Munic\u00edpios com resultados satisfat\u00f3rios, que poderia ser realizado em nosso Munic\u00edpio.","indexacao":"","observacao":"","resultado":"","texto_original":"http://sapl.mambore.pr.leg.br/media/sapl/public/materialegislativa/2023/1545/ccf_000323.pdf","data_ultima_atualizacao":"2026-03-27T08:57:34.359857-03:00","ip":"177.93.188.116","ultima_edicao":"2026-03-27T08:56:10.808557-03:00","tipo":6,"regime_tramitacao":1,"tipo_origem_externa":null,"local_origem_externa":null,"user":5,"anexadas":[],"autores":[22]}