{"id":1552,"__str__":"Requerimento n\u00ba 28 de 2023","link_detail_backend":"/materia/1552","metadata":{},"numero":28,"ano":2023,"numero_protocolo":null,"data_apresentacao":"2023-03-08","tipo_apresentacao":"","data_publicacao":null,"numero_origem_externa":"","ano_origem_externa":null,"data_origem_externa":null,"apelido":"","dias_prazo":null,"data_fim_prazo":null,"em_tramitacao":false,"polemica":false,"objeto":"","complementar":false,"ementa":"Requer que o setor competente informe qual a data prevista para reforma/readequa\u00e7\u00e3o do espa\u00e7o externo (dep\u00f3sito) em brinquedoteca no CMEI Monica.\r\n\r\nQual a data prevista para constru\u00e7\u00e3o do piso, cobertura e reinstala\u00e7\u00e3o do parquinho no CMEI M\u00f4nica.","indexacao":"","observacao":"","resultado":"","texto_original":"http://sapl.mambore.pr.leg.br/media/sapl/public/materialegislativa/2023/1552/requerimento_28_1.pdf","data_ultima_atualizacao":"2026-03-27T09:09:13.921098-03:00","ip":"177.93.188.116","ultima_edicao":"2026-03-27T09:07:43.554598-03:00","tipo":6,"regime_tramitacao":1,"tipo_origem_externa":null,"local_origem_externa":null,"user":5,"anexadas":[],"autores":[20]}