{"id":1851,"__str__":"Requerimento n\u00ba 17 de 2026","link_detail_backend":"/materia/1851","metadata":{},"numero":17,"ano":2026,"numero_protocolo":null,"data_apresentacao":"2026-04-17","tipo_apresentacao":"","data_publicacao":null,"numero_origem_externa":"","ano_origem_externa":null,"data_origem_externa":null,"apelido":"","dias_prazo":null,"data_fim_prazo":null,"em_tramitacao":true,"polemica":false,"objeto":"","complementar":false,"ementa":"Requeiro ao Excelent\u00edssimo Prefeito Municipal, juntamente com o setor competente, que seja realizada tratativas com os \u00f3rg\u00e3os respons\u00e1veis e a concession\u00e1ria administradora da rodovia, onde se encontra a pra\u00e7a de pedagio na BR 369, localizado entre os munic\u00edpios de Mambor\u00ea e Campo Mour\u00e3o, com o objetivo de viabilizar a redu\u00e7\u00e3o do valor cobrado no ped\u00e1gio.","indexacao":"","observacao":"Tal solicita\u00e7\u00e3o se justifica pelo anseio de nossa popula\u00e7\u00e3o em raz\u00e3o dos elevados custos praticados, que impactam diretamente os moradores da regi\u00e3o, trabalhadores, estudantes e empres\u00e1rios que dependem diariamente desse trecho para deslocamento. A redu\u00e7\u00e3o da tarifa ou outra medida contribuir\u00e1 significativamente para o desenvolvimento econ\u00f4mico local, al\u00e9m de promover maior justi\u00e7a social e acessibilidade \u00e0 popula\u00e7\u00e3o.\r\nSolicita-se especial aten\u00e7\u00e3o do Poder Executivo Municipal no encaminhamento desta demanda, buscando alternativas que possam amenizar os custos aos usu\u00e1rios, seja por meio de negocia\u00e7\u00e3o com a concession\u00e1ria, implanta\u00e7\u00e3o de tarifas diferenciadas para moradores locais ou outras medidas cab\u00edveis.","resultado":"","texto_original":"http://sapl.mambore.pr.leg.br/media/sapl/public/materialegislativa/2026/1851/requerimento_17.2026.pdf","data_ultima_atualizacao":"2026-04-30T13:56:05.480330-03:00","ip":"177.93.188.116","ultima_edicao":"2026-04-27T10:36:06.586461-03:00","tipo":6,"regime_tramitacao":1,"tipo_origem_externa":null,"local_origem_externa":null,"user":8,"anexadas":[],"autores":[12]}