{"id":829,"__str__":"Requerimento n\u00ba 6 de 2025","link_detail_backend":"/materia/829","metadata":{},"numero":6,"ano":2025,"numero_protocolo":null,"data_apresentacao":"2025-02-10","tipo_apresentacao":"","data_publicacao":null,"numero_origem_externa":"","ano_origem_externa":null,"data_origem_externa":null,"apelido":"","dias_prazo":null,"data_fim_prazo":null,"em_tramitacao":false,"polemica":false,"objeto":"","complementar":false,"ementa":"Requeiro c\u00f3pia do edital do projeto inicial e do processo licitat\u00f3rio da obra de pavimenta\u00e7\u00e3o asf\u00e1ltica e cal\u00e7amento em frente \u00e0 Igreja Matriz da Par\u00f3quia Nossa Senhora Imaculada Concei\u00e7\u00e3o, bem como tamb\u00e9m na lateral da Loja Agropecu\u00e1ria Biotecmam, na Rua Abel Desid\u00e9rio de Ara\u00fajo, at\u00e9 o Dep\u00f3sito Concremam na Rua Interventor Manoel Ribas . Al\u00e9m disso, solicito esclarecimentos sobre o motivo da n\u00e3o implanta\u00e7\u00e3o da faixa elevada em frente \u00e0 igreja anteriormente.","indexacao":"","observacao":"","resultado":"","texto_original":null,"data_ultima_atualizacao":"2026-03-20T08:32:25.512033-03:00","ip":"177.93.188.116","ultima_edicao":"2026-03-20T08:31:11.538207-03:00","tipo":6,"regime_tramitacao":1,"tipo_origem_externa":null,"local_origem_externa":null,"user":5,"anexadas":[],"autores":[17]}