{"id":838,"__str__":"Requerimento n\u00ba 15 de 2025","link_detail_backend":"/materia/838","metadata":{},"numero":15,"ano":2025,"numero_protocolo":null,"data_apresentacao":"2025-03-07","tipo_apresentacao":"","data_publicacao":null,"numero_origem_externa":"","ano_origem_externa":null,"data_origem_externa":null,"apelido":"","dias_prazo":null,"data_fim_prazo":null,"em_tramitacao":false,"polemica":false,"objeto":"","complementar":false,"ementa":"Em rela\u00e7\u00e3o ao \u00faltimo concurso p\u00fablico para o quadro de professores:\r\n\r\nInformar se ainda est\u00e1 em vig\u00eancia;\r\nEnviar a rela\u00e7\u00e3o dos classificados e esclarecer se ainda h\u00e1 possibilidade de convoca\u00e7\u00e3o.","indexacao":"","observacao":"","resultado":"","texto_original":"http://sapl.mambore.pr.leg.br/media/sapl/public/materialegislativa/2025/838/requerimento_no15.pdf","data_ultima_atualizacao":"2026-03-20T08:43:35.115362-03:00","ip":"177.93.188.116","ultima_edicao":"2026-03-20T08:42:40.825121-03:00","tipo":6,"regime_tramitacao":1,"tipo_origem_externa":null,"local_origem_externa":null,"user":5,"anexadas":[],"autores":[17]}