{"id":851,"__str__":"Requerimento n\u00ba 28 de 2025","link_detail_backend":"/materia/851","metadata":{},"numero":28,"ano":2025,"numero_protocolo":null,"data_apresentacao":"2025-04-02","tipo_apresentacao":"","data_publicacao":null,"numero_origem_externa":"","ano_origem_externa":null,"data_origem_externa":null,"apelido":"","dias_prazo":null,"data_fim_prazo":null,"em_tramitacao":false,"polemica":false,"objeto":"","complementar":false,"ementa":"Requer ao Departamento de Sa\u00fade informa\u00e7\u00f5es sobre a disponibilidade e a demanda por consultas m\u00e9dicas nas unidades de sa\u00fade das comunidades Pensamento e Canjarana.\r\n\r\nSolicito as seguintes informa\u00e7\u00f5es:\r\n\r\n1. Quantas vagas est\u00e3o sendo disponibilizadas atualmente para consultas m\u00e9dicas nessas unidades?\r\n\r\n2. Essas vagas t\u00eam sido suficientes para atender \u00e0 demanda da popula\u00e7\u00e3o?\r\n\r\n3. Qual o tempo m\u00e9dio de espera entre a solicita\u00e7\u00e3o e o agendamento da consulta?\r\n\r\n4. H\u00e1 possibilidade de amplia\u00e7\u00e3o do n\u00famero de vagas para reduzir o tempo de espera?","indexacao":"","observacao":"","resultado":"","texto_original":"http://sapl.mambore.pr.leg.br/media/sapl/public/materialegislativa/2025/851/requerimento_no28.2025_1.pdf","data_ultima_atualizacao":"2026-03-20T09:00:16.292871-03:00","ip":"177.93.188.116","ultima_edicao":"2026-03-20T08:59:28.524449-03:00","tipo":6,"regime_tramitacao":1,"tipo_origem_externa":null,"local_origem_externa":null,"user":5,"anexadas":[],"autores":[16]}