{"id":878,"__str__":"Indica\u00e7\u00e3o n\u00ba 14 de 2026","link_detail_backend":"/materia/878","metadata":{},"numero":14,"ano":2026,"numero_protocolo":null,"data_apresentacao":"2026-03-20","tipo_apresentacao":"","data_publicacao":null,"numero_origem_externa":"","ano_origem_externa":null,"data_origem_externa":null,"apelido":"","dias_prazo":null,"data_fim_prazo":null,"em_tramitacao":false,"polemica":false,"objeto":"","complementar":false,"ementa":"Indico ao Poder Executivo Municipal instala\u00e7\u00e3o de sinaliza\u00e7\u00e3o vertical com placas e sinaliza\u00e7\u00e3o horizontal, nos Bairros Vict\u00f3ria I, II, III e IV, atendendo a constantes manifesta\u00e7\u00f5es de moradores e motoristas que trafegam pela regi\u00e3o, considerando que o sentido das vias \u00e9 contr\u00e1rio ao restante da cidade. Constru\u00e7\u00e3o de redutor de velocidade (quebra mola) na extens\u00e3o da Rua Guadalajara pr\u00f3ximo ao n\u00famero 64 e Rua Aparecido S. Massano pr\u00f3ximo ao n\u00ba 15.","indexacao":"","observacao":"","resultado":"","texto_original":null,"data_ultima_atualizacao":"2026-03-20T09:41:34.224656-03:00","ip":"177.93.188.116","ultima_edicao":"2026-03-20T09:41:06.968057-03:00","tipo":7,"regime_tramitacao":1,"tipo_origem_externa":null,"local_origem_externa":null,"user":5,"anexadas":[],"autores":[12]}