{"id":984,"__str__":"Indica\u00e7\u00e3o n\u00ba 77 de 2025","link_detail_backend":"/materia/984","metadata":{},"numero":77,"ano":2025,"numero_protocolo":null,"data_apresentacao":"2025-03-31","tipo_apresentacao":"","data_publicacao":null,"numero_origem_externa":"","ano_origem_externa":null,"data_origem_externa":null,"apelido":"","dias_prazo":null,"data_fim_prazo":null,"em_tramitacao":false,"polemica":false,"objeto":"","complementar":false,"ementa":"Realiza\u00e7\u00e3o da limpeza e ro\u00e7agem da \u00e1rea institucional localizada no Conjunto Papa Jo\u00e3o Paulo II, ao lado do cemit\u00e9rio, bem como a elabora\u00e7\u00e3o de um projeto de urbaniza\u00e7\u00e3o para transformar o local em um espa\u00e7o de conviv\u00eancia comunit\u00e1ria.","indexacao":"","observacao":"","resultado":"","texto_original":"http://sapl.mambore.pr.leg.br/media/sapl/public/materialegislativa/2025/984/indicacao_no77.2025.pdf","data_ultima_atualizacao":"2026-03-23T08:36:58.087833-03:00","ip":"177.93.188.116","ultima_edicao":"2026-03-23T08:35:20.015042-03:00","tipo":7,"regime_tramitacao":1,"tipo_origem_externa":null,"local_origem_externa":null,"user":5,"anexadas":[],"autores":[13]}